{"id":52,"date":"2020-06-13T19:14:32","date_gmt":"2020-06-13T17:14:32","guid":{"rendered":"http:\/\/milas.meronet.org\/?p=52"},"modified":"2020-09-27T17:03:40","modified_gmt":"2020-09-27T15:03:40","slug":"no-knead-bread","status":"publish","type":"post","link":"http:\/\/milas.meronet.org\/?p=52","title":{"rendered":"no knead bread"},"content":{"rendered":"\n<p>ich habe mich auch an diesem bekannten Brot probiert:<\/p>\n\n\n\n<p><strong>Zutaten:<\/strong><\/p>\n\n\n\n<ul><li> 400 g frisch gemahlenes Roggenmehl<\/li><li>400 g 630 Dinkelmehl<\/li><li>1 TL Trockenhefe<\/li><li>1,5 TL Salz <\/li><li>ca 350 ml Wasser<\/li><\/ul>\n\n\n\n<!--more-->\n\n\n\n<p>Alle Zutaten leicht verr\u00fchren, so dass keine Mehlklumpen mehr vorhanden sind. Die Sch\u00fcssel mit einer Folie abgedeckt in den Keller bzw. k\u00fchl stellen.<br>Nach 18 Stunden den Teig in einen Topf (backofenfest) f\u00fcllen, Deckel drauf und ab in den vorgeheizten Ofen:<br>5 min bei 250 Grad<br>30 min bei 230 Grad<br>18 min mit ge\u00f6ffnetem Deckel bei 200 Grad                                                     evtl. noch mal ohne Form backen (ca. 15 min bei 180 Grad)<\/p>\n\n\n\n<p>Zum Teig k\u00f6nnen z.B. Sonnenblumenkerne oder getrocknete Tomaten hinzugef\u00fcgt werden, beides fanden wir. lecker.<\/p>\n\n\n\n<figure class=\"wp-block-image\"><img decoding=\"async\" src=\"http:\/\/milablog.meronet.org\/wp-includes\/images\/smilies\/icon_smile.gif\" alt=\":)\"\/><\/figure>\n\n\n\n<p>Lecker, sch\u00f6n saftig<\/p>\n\n\n\n<p><br><\/p>\n","protected":false},"excerpt":{"rendered":"<p>ich habe mich auch an diesem bekannten Brot probiert: Zutaten: 400 g frisch gemahlenes Roggenmehl 400 g 630 Dinkelmehl 1 TL Trockenhefe 1,5 TL Salz ca 350 ml Wasser<\/p>\n","protected":false},"author":1,"featured_media":0,"comment_status":"open","ping_status":"open","sticky":false,"template":"","format":"standard","meta":[],"categories":[1],"tags":[],"_links":{"self":[{"href":"http:\/\/milas.meronet.org\/index.php?rest_route=\/wp\/v2\/posts\/52"}],"collection":[{"href":"http:\/\/milas.meronet.org\/index.php?rest_route=\/wp\/v2\/posts"}],"about":[{"href":"http:\/\/milas.meronet.org\/index.php?rest_route=\/wp\/v2\/types\/post"}],"author":[{"embeddable":true,"href":"http:\/\/milas.meronet.org\/index.php?rest_route=\/wp\/v2\/users\/1"}],"replies":[{"embeddable":true,"href":"http:\/\/milas.meronet.org\/index.php?rest_route=%2Fwp%2Fv2%2Fcomments&post=52"}],"version-history":[{"count":3,"href":"http:\/\/milas.meronet.org\/index.php?rest_route=\/wp\/v2\/posts\/52\/revisions"}],"predecessor-version":[{"id":75,"href":"http:\/\/milas.meronet.org\/index.php?rest_route=\/wp\/v2\/posts\/52\/revisions\/75"}],"wp:attachment":[{"href":"http:\/\/milas.meronet.org\/index.php?rest_route=%2Fwp%2Fv2%2Fmedia&parent=52"}],"wp:term":[{"taxonomy":"category","embeddable":true,"href":"http:\/\/milas.meronet.org\/index.php?rest_route=%2Fwp%2Fv2%2Fcategories&post=52"},{"taxonomy":"post_tag","embeddable":true,"href":"http:\/\/milas.meronet.org\/index.php?rest_route=%2Fwp%2Fv2%2Ftags&post=52"}],"curies":[{"name":"wp","href":"https:\/\/api.w.org\/{rel}","templated":true}]}}